{"id":291,"date":"2026-03-07T15:02:47","date_gmt":"2026-03-07T15:02:47","guid":{"rendered":"http:\/\/104.248.44.198\/?p=291"},"modified":"2026-04-19T15:59:23","modified_gmt":"2026-04-19T15:59:23","slug":"elengedesi-gyakorlatok-esterhazs-shortlist","status":"publish","type":"post","link":"http:\/\/czenemarta.hu\/?p=291","title":{"rendered":"Elenged\u00e9si gyakorlatok &#8211; Esterh\u00e1zy Shortlist"},"content":{"rendered":"<div class=\"wp-block-visual-portfolio\">\n<div class=\"vp-portfolio vp-uid-bf5603ab vp-id-1Tn56x\"\n\tdata-vp-layout=\"masonry\" data-vp-content-source=\"images\" data-vp-items-style=\"fade\" data-vp-items-click-action=\"popup_gallery\" data-vp-items-gap=\"15\" data-vp-items-gap-vertical=\"\" data-vp-pagination=\"load-more\" data-vp-next-page-url=\"\" data-vp-masonry-columns=\"3\" >\n\t<div class=\"vp-portfolio__preloader-wrap\">\n\t\t<div class=\"vp-portfolio__preloader\">\n\t\t\t<img decoding=\"async\" loading=\"eager\" src=\"http:\/\/czenemarta.hu\/wp-content\/plugins\/visual-portfolio\/assets\/images\/logo-dark.svg\" alt=\"Visual Portfolio, Posts &amp; Image Gallery for WordPress\" width=\"20\" height=\"20\" data-skip-lazy>\n\t\t<\/div>\n\t<\/div>\n\t\t<div class=\"vp-portfolio__items-wrap\">\n\t\t\t\n<div class=\"vp-portfolio__items vp-portfolio__items-style-fade vp-portfolio__items-show-overlay-hover\">\n\n\t\t<div\t\tclass=\"vp-portfolio__item-wrap vp-portfolio__item-uid-795a8d34\" data-vp-filter=\"\" \t\t>\n\t\t\t<template class=\"vp-portfolio__item-popup\" data-vp-popup-img=\"http:\/\/czenemarta.hu\/wp-content\/uploads\/2026\/02\/1KezdoDSC00578.jpg\" data-vp-popup-img-srcset=\"http:\/\/czenemarta.hu\/wp-content\/uploads\/2026\/02\/1KezdoDSC00578.jpg 2000w, http:\/\/czenemarta.hu\/wp-content\/uploads\/2026\/02\/1KezdoDSC00578-300x200.jpg 300w, http:\/\/czenemarta.hu\/wp-content\/uploads\/2026\/02\/1KezdoDSC00578-1024x682.jpg 1024w, http:\/\/czenemarta.hu\/wp-content\/uploads\/2026\/02\/1KezdoDSC00578-768x512.jpg 768w, http:\/\/czenemarta.hu\/wp-content\/uploads\/2026\/02\/1KezdoDSC00578-1536x1024.jpg 1536w\" data-vp-popup-img-size=\"1920x1280\" data-vp-popup-md-img=\"http:\/\/czenemarta.hu\/wp-content\/uploads\/2026\/02\/1KezdoDSC00578.jpg\" data-vp-popup-md-img-size=\"800x533\" data-vp-popup-sm-img=\"http:\/\/czenemarta.hu\/wp-content\/uploads\/2026\/02\/1KezdoDSC00578.jpg\" data-vp-popup-sm-img-size=\"500x333\">\n\t\t\t<h3 class=\"vp-portfolio__item-popup-title\">Elenged\u00e9si gyakorlatok, 2021, r\u00e9szlet\nInstall\u00e1ci\u00f3 az Esterh\u00e1zy Art Award Shortlist ki\u00e1ll\u00edt\u00e1son &#8211; Ludwig M\u00fazeum, Budapest<\/h3>\n\t\t<\/template>\n\t\t\t\t\t\t<figure class=\"vp-portfolio__item\">\n\t\t\t\t\n<div class=\"vp-portfolio__item-img-wrap\">\n\t<div class=\"vp-portfolio__item-img\">\n\t\t\t<a\n\t\thref=\"http:\/\/czenemarta.hu\/wp-content\/uploads\/2026\/02\/1KezdoDSC00578.jpg\"\n\t\taria-label=\"Elenged\u00e9si gyakorlatok, 2021, r\u00e9szlet\nInstall\u00e1ci\u00f3 az Esterh\u00e1zy Art Award Shortlist ki\u00e1ll\u00edt\u00e1son - Ludwig M\u00fazeum, Budapest\" \t>\n\t\n\t\t<noscript><img loading=\"lazy\" decoding=\"async\" width=\"1920\" height=\"1280\" data-skip-lazy src=\"http:\/\/czenemarta.hu\/wp-content\/uploads\/2026\/02\/1KezdoDSC00578.jpg\" class=\"wp-image-204\" alt=\"\" srcset=\"http:\/\/czenemarta.hu\/wp-content\/uploads\/2026\/02\/1KezdoDSC00578.jpg 2000w, http:\/\/czenemarta.hu\/wp-content\/uploads\/2026\/02\/1KezdoDSC00578-300x200.jpg 300w, http:\/\/czenemarta.hu\/wp-content\/uploads\/2026\/02\/1KezdoDSC00578-1024x682.jpg 1024w, http:\/\/czenemarta.hu\/wp-content\/uploads\/2026\/02\/1KezdoDSC00578-768x512.jpg 768w, http:\/\/czenemarta.hu\/wp-content\/uploads\/2026\/02\/1KezdoDSC00578-1536x1024.jpg 1536w\" sizes=\"auto, (max-width: 1920px) 100vw, 1920px\" \/><\/noscript><img fetchpriority=\"high\" decoding=\"async\" width=\"1920\" height=\"1280\" src=\"http:\/\/czenemarta.hu\/wp-content\/uploads\/2026\/02\/1KezdoDSC00578.jpg\" class=\"wp-image-204 vp-lazyload\" alt srcset=\"data:image\/svg+xml;base64,PHN2ZyB3aWR0aD0iMTkyMCIgaGVpZ2h0PSIxMjgwIiB2aWV3Qm94PSIwIDAgMTkyMCAxMjgwIiBmaWxsPSJub25lIiB4bWxucz0iaHR0cDovL3d3dy53My5vcmcvMjAwMC9zdmciPjwvc3ZnPg==\" data-src=\"http:\/\/czenemarta.hu\/wp-content\/uploads\/2026\/02\/1KezdoDSC00578.jpg\" data-srcset=\"http:\/\/czenemarta.hu\/wp-content\/uploads\/2026\/02\/1KezdoDSC00578.jpg 2000w, http:\/\/czenemarta.hu\/wp-content\/uploads\/2026\/02\/1KezdoDSC00578-300x200.jpg 300w, http:\/\/czenemarta.hu\/wp-content\/uploads\/2026\/02\/1KezdoDSC00578-1024x682.jpg 1024w, http:\/\/czenemarta.hu\/wp-content\/uploads\/2026\/02\/1KezdoDSC00578-768x512.jpg 768w, http:\/\/czenemarta.hu\/wp-content\/uploads\/2026\/02\/1KezdoDSC00578-1536x1024.jpg 1536w\" data-sizes=\"auto\" loading=\"eager\">\n\t\t<\/a>\t<\/div>\n<\/div>\n\t<figcaption class=\"vp-portfolio__item-overlay vp-portfolio__item-overlay-text-align-center\">\n\t\t<div class=\"vp-portfolio__item-meta-wrap vp-portfolio__custom-scrollbar\">\n\t\t\t\t<a\n\t\thref=\"http:\/\/czenemarta.hu\/wp-content\/uploads\/2026\/02\/1KezdoDSC00578.jpg\"\n\t\ttabindex=\"-1\" class=\"vp-portfolio__item-meta\" aria-label=\"Elenged\u00e9si gyakorlatok, 2021, r\u00e9szlet\nInstall\u00e1ci\u00f3 az Esterh\u00e1zy Art Award Shortlist ki\u00e1ll\u00edt\u00e1son - Ludwig M\u00fazeum, Budapest\" \t>\n\t\n<h2 class=\"vp-portfolio__item-meta-title\">\n\tElenged\u00e9si gyakorlatok, 2021, r\u00e9szlet\nInstall\u00e1ci\u00f3 az Esterh\u00e1zy Art Award Shortlist ki\u00e1ll\u00edt\u00e1son &#8211; Ludwig M\u00fazeum, Budapest<\/h2>\n<\/a>\t\t<\/div>\n\t<\/figcaption>\n\t\t\t<\/figure>\n\t\t\t\t\t<\/div>\n\t\t\n\t\t<div\t\tclass=\"vp-portfolio__item-wrap vp-portfolio__item-uid-2fe88b7d\" data-vp-filter=\"\" \t\t>\n\t\t\t<template class=\"vp-portfolio__item-popup\" data-vp-popup-img=\"http:\/\/czenemarta.hu\/wp-content\/uploads\/2026\/02\/2OnarckepAKanapen_Vegleges_kicsi.jpg\" data-vp-popup-img-srcset=\"http:\/\/czenemarta.hu\/wp-content\/uploads\/2026\/02\/2OnarckepAKanapen_Vegleges_kicsi.jpg 2000w, http:\/\/czenemarta.hu\/wp-content\/uploads\/2026\/02\/2OnarckepAKanapen_Vegleges_kicsi-300x211.jpg 300w, http:\/\/czenemarta.hu\/wp-content\/uploads\/2026\/02\/2OnarckepAKanapen_Vegleges_kicsi-1024x721.jpg 1024w, http:\/\/czenemarta.hu\/wp-content\/uploads\/2026\/02\/2OnarckepAKanapen_Vegleges_kicsi-768x541.jpg 768w, http:\/\/czenemarta.hu\/wp-content\/uploads\/2026\/02\/2OnarckepAKanapen_Vegleges_kicsi-1536x1082.jpg 1536w\" data-vp-popup-img-size=\"1920x1353\" data-vp-popup-md-img=\"http:\/\/czenemarta.hu\/wp-content\/uploads\/2026\/02\/2OnarckepAKanapen_Vegleges_kicsi.jpg\" data-vp-popup-md-img-size=\"800x564\" data-vp-popup-sm-img=\"http:\/\/czenemarta.hu\/wp-content\/uploads\/2026\/02\/2OnarckepAKanapen_Vegleges_kicsi.jpg\" data-vp-popup-sm-img-size=\"500x352\">\n\t\t\t<h3 class=\"vp-portfolio__item-popup-title\">\u00d6narck\u00e9p a kanap\u00e9n\n2020\nakvarell, pap\u00edr\n50 x 70 cm<\/h3>\n\t\t<\/template>\n\t\t\t\t\t\t<figure class=\"vp-portfolio__item\">\n\t\t\t\t\n<div class=\"vp-portfolio__item-img-wrap\">\n\t<div class=\"vp-portfolio__item-img\">\n\t\t\t<a\n\t\thref=\"http:\/\/czenemarta.hu\/wp-content\/uploads\/2026\/02\/2OnarckepAKanapen_Vegleges_kicsi.jpg\"\n\t\taria-label=\"\u00d6narck\u00e9p a kanap\u00e9n\n2020\nakvarell, pap\u00edr\n50 x 70 cm\" \t>\n\t\n\t\t<noscript><img loading=\"lazy\" decoding=\"async\" width=\"1920\" height=\"1353\" data-skip-lazy src=\"http:\/\/czenemarta.hu\/wp-content\/uploads\/2026\/02\/2OnarckepAKanapen_Vegleges_kicsi.jpg\" class=\"wp-image-206\" alt=\"\" srcset=\"http:\/\/czenemarta.hu\/wp-content\/uploads\/2026\/02\/2OnarckepAKanapen_Vegleges_kicsi.jpg 2000w, http:\/\/czenemarta.hu\/wp-content\/uploads\/2026\/02\/2OnarckepAKanapen_Vegleges_kicsi-300x211.jpg 300w, http:\/\/czenemarta.hu\/wp-content\/uploads\/2026\/02\/2OnarckepAKanapen_Vegleges_kicsi-1024x721.jpg 1024w, http:\/\/czenemarta.hu\/wp-content\/uploads\/2026\/02\/2OnarckepAKanapen_Vegleges_kicsi-768x541.jpg 768w, http:\/\/czenemarta.hu\/wp-content\/uploads\/2026\/02\/2OnarckepAKanapen_Vegleges_kicsi-1536x1082.jpg 1536w\" sizes=\"auto, (max-width: 1920px) 100vw, 1920px\" \/><\/noscript><img decoding=\"async\" width=\"1920\" height=\"1353\" src=\"http:\/\/czenemarta.hu\/wp-content\/uploads\/2026\/02\/2OnarckepAKanapen_Vegleges_kicsi.jpg\" class=\"wp-image-206 vp-lazyload\" alt srcset=\"data:image\/svg+xml;base64,PHN2ZyB3aWR0aD0iMTkyMCIgaGVpZ2h0PSIxMzUzIiB2aWV3Qm94PSIwIDAgMTkyMCAxMzUzIiBmaWxsPSJub25lIiB4bWxucz0iaHR0cDovL3d3dy53My5vcmcvMjAwMC9zdmciPjwvc3ZnPg==\" data-src=\"http:\/\/czenemarta.hu\/wp-content\/uploads\/2026\/02\/2OnarckepAKanapen_Vegleges_kicsi.jpg\" data-srcset=\"http:\/\/czenemarta.hu\/wp-content\/uploads\/2026\/02\/2OnarckepAKanapen_Vegleges_kicsi.jpg 2000w, http:\/\/czenemarta.hu\/wp-content\/uploads\/2026\/02\/2OnarckepAKanapen_Vegleges_kicsi-300x211.jpg 300w, http:\/\/czenemarta.hu\/wp-content\/uploads\/2026\/02\/2OnarckepAKanapen_Vegleges_kicsi-1024x721.jpg 1024w, http:\/\/czenemarta.hu\/wp-content\/uploads\/2026\/02\/2OnarckepAKanapen_Vegleges_kicsi-768x541.jpg 768w, http:\/\/czenemarta.hu\/wp-content\/uploads\/2026\/02\/2OnarckepAKanapen_Vegleges_kicsi-1536x1082.jpg 1536w\" data-sizes=\"auto\" loading=\"eager\">\n\t\t<\/a>\t<\/div>\n<\/div>\n\t<figcaption class=\"vp-portfolio__item-overlay vp-portfolio__item-overlay-text-align-center\">\n\t\t<div class=\"vp-portfolio__item-meta-wrap vp-portfolio__custom-scrollbar\">\n\t\t\t\t<a\n\t\thref=\"http:\/\/czenemarta.hu\/wp-content\/uploads\/2026\/02\/2OnarckepAKanapen_Vegleges_kicsi.jpg\"\n\t\ttabindex=\"-1\" class=\"vp-portfolio__item-meta\" aria-label=\"\u00d6narck\u00e9p a kanap\u00e9n\n2020\nakvarell, pap\u00edr\n50 x 70 cm\" \t>\n\t\n<h2 class=\"vp-portfolio__item-meta-title\">\n\t\u00d6narck\u00e9p a kanap\u00e9n\n2020\nakvarell, pap\u00edr\n50 x 70 cm<\/h2>\n<\/a>\t\t<\/div>\n\t<\/figcaption>\n\t\t\t<\/figure>\n\t\t\t\t\t<\/div>\n\t\t\n\t\t<div\t\tclass=\"vp-portfolio__item-wrap vp-portfolio__item-uid-4a5a1405\" data-vp-filter=\"\" \t\t>\n\t\t\t<template class=\"vp-portfolio__item-popup\" data-vp-popup-img=\"http:\/\/czenemarta.hu\/wp-content\/uploads\/2026\/02\/3DSC00575.jpg\" data-vp-popup-img-srcset=\"http:\/\/czenemarta.hu\/wp-content\/uploads\/2026\/02\/3DSC00575.jpg 2000w, http:\/\/czenemarta.hu\/wp-content\/uploads\/2026\/02\/3DSC00575-300x200.jpg 300w, http:\/\/czenemarta.hu\/wp-content\/uploads\/2026\/02\/3DSC00575-1024x682.jpg 1024w, http:\/\/czenemarta.hu\/wp-content\/uploads\/2026\/02\/3DSC00575-768x512.jpg 768w, http:\/\/czenemarta.hu\/wp-content\/uploads\/2026\/02\/3DSC00575-1536x1024.jpg 1536w\" data-vp-popup-img-size=\"1920x1280\" data-vp-popup-md-img=\"http:\/\/czenemarta.hu\/wp-content\/uploads\/2026\/02\/3DSC00575.jpg\" data-vp-popup-md-img-size=\"800x533\" data-vp-popup-sm-img=\"http:\/\/czenemarta.hu\/wp-content\/uploads\/2026\/02\/3DSC00575.jpg\" data-vp-popup-sm-img-size=\"500x333\">\n\t\t\t<h3 class=\"vp-portfolio__item-popup-title\">Elenged\u00e9si gyakorlatok, 2021, r\u00e9szlet\nInstall\u00e1ci\u00f3 az Esterh\u00e1zy Art Award Shortlist ki\u00e1ll\u00edt\u00e1son &#8211; Ludwig M\u00fazeum, Budapest<\/h3>\n\t\t<\/template>\n\t\t\t\t\t\t<figure class=\"vp-portfolio__item\">\n\t\t\t\t\n<div class=\"vp-portfolio__item-img-wrap\">\n\t<div class=\"vp-portfolio__item-img\">\n\t\t\t<a\n\t\thref=\"http:\/\/czenemarta.hu\/wp-content\/uploads\/2026\/02\/3DSC00575.jpg\"\n\t\taria-label=\"Elenged\u00e9si gyakorlatok, 2021, r\u00e9szlet\nInstall\u00e1ci\u00f3 az Esterh\u00e1zy Art Award Shortlist ki\u00e1ll\u00edt\u00e1son - Ludwig M\u00fazeum, Budapest\" \t>\n\t\n\t\t<noscript><img loading=\"lazy\" decoding=\"async\" width=\"1920\" height=\"1280\" data-skip-lazy src=\"http:\/\/czenemarta.hu\/wp-content\/uploads\/2026\/02\/3DSC00575.jpg\" class=\"wp-image-207\" alt=\"\" srcset=\"http:\/\/czenemarta.hu\/wp-content\/uploads\/2026\/02\/3DSC00575.jpg 2000w, http:\/\/czenemarta.hu\/wp-content\/uploads\/2026\/02\/3DSC00575-300x200.jpg 300w, http:\/\/czenemarta.hu\/wp-content\/uploads\/2026\/02\/3DSC00575-1024x682.jpg 1024w, http:\/\/czenemarta.hu\/wp-content\/uploads\/2026\/02\/3DSC00575-768x512.jpg 768w, http:\/\/czenemarta.hu\/wp-content\/uploads\/2026\/02\/3DSC00575-1536x1024.jpg 1536w\" sizes=\"auto, (max-width: 1920px) 100vw, 1920px\" \/><\/noscript><img decoding=\"async\" width=\"1920\" height=\"1280\" src=\"http:\/\/czenemarta.hu\/wp-content\/uploads\/2026\/02\/3DSC00575.jpg\" class=\"wp-image-207 vp-lazyload\" alt srcset=\"data:image\/svg+xml;base64,PHN2ZyB3aWR0aD0iMTkyMCIgaGVpZ2h0PSIxMjgwIiB2aWV3Qm94PSIwIDAgMTkyMCAxMjgwIiBmaWxsPSJub25lIiB4bWxucz0iaHR0cDovL3d3dy53My5vcmcvMjAwMC9zdmciPjwvc3ZnPg==\" data-src=\"http:\/\/czenemarta.hu\/wp-content\/uploads\/2026\/02\/3DSC00575.jpg\" data-srcset=\"http:\/\/czenemarta.hu\/wp-content\/uploads\/2026\/02\/3DSC00575.jpg 2000w, http:\/\/czenemarta.hu\/wp-content\/uploads\/2026\/02\/3DSC00575-300x200.jpg 300w, http:\/\/czenemarta.hu\/wp-content\/uploads\/2026\/02\/3DSC00575-1024x682.jpg 1024w, http:\/\/czenemarta.hu\/wp-content\/uploads\/2026\/02\/3DSC00575-768x512.jpg 768w, http:\/\/czenemarta.hu\/wp-content\/uploads\/2026\/02\/3DSC00575-1536x1024.jpg 1536w\" data-sizes=\"auto\" loading=\"eager\">\n\t\t<\/a>\t<\/div>\n<\/div>\n\t<figcaption class=\"vp-portfolio__item-overlay vp-portfolio__item-overlay-text-align-center\">\n\t\t<div class=\"vp-portfolio__item-meta-wrap vp-portfolio__custom-scrollbar\">\n\t\t\t\t<a\n\t\thref=\"http:\/\/czenemarta.hu\/wp-content\/uploads\/2026\/02\/3DSC00575.jpg\"\n\t\ttabindex=\"-1\" class=\"vp-portfolio__item-meta\" aria-label=\"Elenged\u00e9si gyakorlatok, 2021, r\u00e9szlet\nInstall\u00e1ci\u00f3 az Esterh\u00e1zy Art Award Shortlist ki\u00e1ll\u00edt\u00e1son - Ludwig M\u00fazeum, Budapest\" \t>\n\t\n<h2 class=\"vp-portfolio__item-meta-title\">\n\tElenged\u00e9si gyakorlatok, 2021, r\u00e9szlet\nInstall\u00e1ci\u00f3 az Esterh\u00e1zy Art Award Shortlist ki\u00e1ll\u00edt\u00e1son &#8211; Ludwig M\u00fazeum, Budapest<\/h2>\n<\/a>\t\t<\/div>\n\t<\/figcaption>\n\t\t\t<\/figure>\n\t\t\t\t\t<\/div>\n\t\t\n\t\t<div\t\tclass=\"vp-portfolio__item-wrap vp-portfolio__item-uid-62596ef1\" data-vp-filter=\"\" \t\t>\n\t\t\t<template class=\"vp-portfolio__item-popup\" data-vp-popup-img=\"http:\/\/czenemarta.hu\/wp-content\/uploads\/2026\/02\/3DSC00587.jpg\" data-vp-popup-img-srcset=\"http:\/\/czenemarta.hu\/wp-content\/uploads\/2026\/02\/3DSC00587.jpg 2000w, http:\/\/czenemarta.hu\/wp-content\/uploads\/2026\/02\/3DSC00587-300x206.jpg 300w, http:\/\/czenemarta.hu\/wp-content\/uploads\/2026\/02\/3DSC00587-1024x702.jpg 1024w, http:\/\/czenemarta.hu\/wp-content\/uploads\/2026\/02\/3DSC00587-768x527.jpg 768w, http:\/\/czenemarta.hu\/wp-content\/uploads\/2026\/02\/3DSC00587-1536x1054.jpg 1536w\" data-vp-popup-img-size=\"1920x1317\" data-vp-popup-md-img=\"http:\/\/czenemarta.hu\/wp-content\/uploads\/2026\/02\/3DSC00587.jpg\" data-vp-popup-md-img-size=\"800x549\" data-vp-popup-sm-img=\"http:\/\/czenemarta.hu\/wp-content\/uploads\/2026\/02\/3DSC00587.jpg\" data-vp-popup-sm-img-size=\"500x343\">\n\t\t\t<h3 class=\"vp-portfolio__item-popup-title\">Elenged\u00e9si gyakorlatok, 2021, r\u00e9szlet\nInstall\u00e1ci\u00f3 az Esterh\u00e1zy Art Award Shortlist ki\u00e1ll\u00edt\u00e1son &#8211; Ludwig M\u00fazeum, Budapest<\/h3>\n\t\t<\/template>\n\t\t\t\t\t\t<figure class=\"vp-portfolio__item\">\n\t\t\t\t\n<div class=\"vp-portfolio__item-img-wrap\">\n\t<div class=\"vp-portfolio__item-img\">\n\t\t\t<a\n\t\thref=\"http:\/\/czenemarta.hu\/wp-content\/uploads\/2026\/02\/3DSC00587.jpg\"\n\t\taria-label=\"Elenged\u00e9si gyakorlatok, 2021, r\u00e9szlet\nInstall\u00e1ci\u00f3 az Esterh\u00e1zy Art Award Shortlist ki\u00e1ll\u00edt\u00e1son - Ludwig M\u00fazeum, Budapest\" \t>\n\t\n\t\t<noscript><img loading=\"lazy\" decoding=\"async\" width=\"1920\" height=\"1317\" data-skip-lazy src=\"http:\/\/czenemarta.hu\/wp-content\/uploads\/2026\/02\/3DSC00587.jpg\" class=\"wp-image-208\" alt=\"\" srcset=\"http:\/\/czenemarta.hu\/wp-content\/uploads\/2026\/02\/3DSC00587.jpg 2000w, http:\/\/czenemarta.hu\/wp-content\/uploads\/2026\/02\/3DSC00587-300x206.jpg 300w, http:\/\/czenemarta.hu\/wp-content\/uploads\/2026\/02\/3DSC00587-1024x702.jpg 1024w, http:\/\/czenemarta.hu\/wp-content\/uploads\/2026\/02\/3DSC00587-768x527.jpg 768w, http:\/\/czenemarta.hu\/wp-content\/uploads\/2026\/02\/3DSC00587-1536x1054.jpg 1536w\" sizes=\"auto, (max-width: 1920px) 100vw, 1920px\" \/><\/noscript><img decoding=\"async\" width=\"1920\" height=\"1317\" src=\"http:\/\/czenemarta.hu\/wp-content\/uploads\/2026\/02\/3DSC00587.jpg\" class=\"wp-image-208 vp-lazyload\" alt srcset=\"data:image\/svg+xml;base64,PHN2ZyB3aWR0aD0iMTkyMCIgaGVpZ2h0PSIxMzE3IiB2aWV3Qm94PSIwIDAgMTkyMCAxMzE3IiBmaWxsPSJub25lIiB4bWxucz0iaHR0cDovL3d3dy53My5vcmcvMjAwMC9zdmciPjwvc3ZnPg==\" data-src=\"http:\/\/czenemarta.hu\/wp-content\/uploads\/2026\/02\/3DSC00587.jpg\" data-srcset=\"http:\/\/czenemarta.hu\/wp-content\/uploads\/2026\/02\/3DSC00587.jpg 2000w, http:\/\/czenemarta.hu\/wp-content\/uploads\/2026\/02\/3DSC00587-300x206.jpg 300w, http:\/\/czenemarta.hu\/wp-content\/uploads\/2026\/02\/3DSC00587-1024x702.jpg 1024w, http:\/\/czenemarta.hu\/wp-content\/uploads\/2026\/02\/3DSC00587-768x527.jpg 768w, http:\/\/czenemarta.hu\/wp-content\/uploads\/2026\/02\/3DSC00587-1536x1054.jpg 1536w\" data-sizes=\"auto\" loading=\"eager\">\n\t\t<\/a>\t<\/div>\n<\/div>\n\t<figcaption class=\"vp-portfolio__item-overlay vp-portfolio__item-overlay-text-align-center\">\n\t\t<div class=\"vp-portfolio__item-meta-wrap vp-portfolio__custom-scrollbar\">\n\t\t\t\t<a\n\t\thref=\"http:\/\/czenemarta.hu\/wp-content\/uploads\/2026\/02\/3DSC00587.jpg\"\n\t\ttabindex=\"-1\" class=\"vp-portfolio__item-meta\" aria-label=\"Elenged\u00e9si gyakorlatok, 2021, r\u00e9szlet\nInstall\u00e1ci\u00f3 az Esterh\u00e1zy Art Award Shortlist ki\u00e1ll\u00edt\u00e1son - Ludwig M\u00fazeum, Budapest\" \t>\n\t\n<h2 class=\"vp-portfolio__item-meta-title\">\n\tElenged\u00e9si gyakorlatok, 2021, r\u00e9szlet\nInstall\u00e1ci\u00f3 az Esterh\u00e1zy Art Award Shortlist ki\u00e1ll\u00edt\u00e1son &#8211; Ludwig M\u00fazeum, Budapest<\/h2>\n<\/a>\t\t<\/div>\n\t<\/figcaption>\n\t\t\t<\/figure>\n\t\t\t\t\t<\/div>\n\t\t\n\t\t<div\t\tclass=\"vp-portfolio__item-wrap vp-portfolio__item-uid-888966de\" data-vp-filter=\"\" \t\t>\n\t\t\t<template class=\"vp-portfolio__item-popup\" data-vp-popup-img=\"http:\/\/czenemarta.hu\/wp-content\/uploads\/2026\/02\/4Czene_ludwig_fotoKerekesZoltan_027-2.jpg\" data-vp-popup-img-srcset=\"http:\/\/czenemarta.hu\/wp-content\/uploads\/2026\/02\/4Czene_ludwig_fotoKerekesZoltan_027-2.jpg 2000w, http:\/\/czenemarta.hu\/wp-content\/uploads\/2026\/02\/4Czene_ludwig_fotoKerekesZoltan_027-2-300x191.jpg 300w, http:\/\/czenemarta.hu\/wp-content\/uploads\/2026\/02\/4Czene_ludwig_fotoKerekesZoltan_027-2-1024x651.jpg 1024w, http:\/\/czenemarta.hu\/wp-content\/uploads\/2026\/02\/4Czene_ludwig_fotoKerekesZoltan_027-2-768x488.jpg 768w, http:\/\/czenemarta.hu\/wp-content\/uploads\/2026\/02\/4Czene_ludwig_fotoKerekesZoltan_027-2-1536x976.jpg 1536w\" data-vp-popup-img-size=\"1920x1220\" data-vp-popup-md-img=\"http:\/\/czenemarta.hu\/wp-content\/uploads\/2026\/02\/4Czene_ludwig_fotoKerekesZoltan_027-2.jpg\" data-vp-popup-md-img-size=\"800x508\" data-vp-popup-sm-img=\"http:\/\/czenemarta.hu\/wp-content\/uploads\/2026\/02\/4Czene_ludwig_fotoKerekesZoltan_027-2.jpg\" data-vp-popup-sm-img-size=\"500x318\">\n\t\t\t<h3 class=\"vp-portfolio__item-popup-title\">Elenged\u00e9si gyakorlatok, 2021, r\u00e9szlet\nInstall\u00e1ci\u00f3 az Esterh\u00e1zy Art Award Shortlist ki\u00e1ll\u00edt\u00e1son &#8211; Ludwig M\u00fazeum, Budapest<\/h3>\n\t\t<\/template>\n\t\t\t\t\t\t<figure class=\"vp-portfolio__item\">\n\t\t\t\t\n<div class=\"vp-portfolio__item-img-wrap\">\n\t<div class=\"vp-portfolio__item-img\">\n\t\t\t<a\n\t\thref=\"http:\/\/czenemarta.hu\/wp-content\/uploads\/2026\/02\/4Czene_ludwig_fotoKerekesZoltan_027-2.jpg\"\n\t\taria-label=\"Elenged\u00e9si gyakorlatok, 2021, r\u00e9szlet\nInstall\u00e1ci\u00f3 az Esterh\u00e1zy Art Award Shortlist ki\u00e1ll\u00edt\u00e1son - Ludwig M\u00fazeum, Budapest\" \t>\n\t\n\t\t<noscript><img loading=\"lazy\" decoding=\"async\" width=\"1920\" height=\"1220\" data-skip-lazy src=\"http:\/\/czenemarta.hu\/wp-content\/uploads\/2026\/02\/4Czene_ludwig_fotoKerekesZoltan_027-2.jpg\" class=\"wp-image-209\" alt=\"\" srcset=\"http:\/\/czenemarta.hu\/wp-content\/uploads\/2026\/02\/4Czene_ludwig_fotoKerekesZoltan_027-2.jpg 2000w, http:\/\/czenemarta.hu\/wp-content\/uploads\/2026\/02\/4Czene_ludwig_fotoKerekesZoltan_027-2-300x191.jpg 300w, http:\/\/czenemarta.hu\/wp-content\/uploads\/2026\/02\/4Czene_ludwig_fotoKerekesZoltan_027-2-1024x651.jpg 1024w, http:\/\/czenemarta.hu\/wp-content\/uploads\/2026\/02\/4Czene_ludwig_fotoKerekesZoltan_027-2-768x488.jpg 768w, http:\/\/czenemarta.hu\/wp-content\/uploads\/2026\/02\/4Czene_ludwig_fotoKerekesZoltan_027-2-1536x976.jpg 1536w\" sizes=\"auto, (max-width: 1920px) 100vw, 1920px\" \/><\/noscript><img decoding=\"async\" width=\"1920\" height=\"1220\" src=\"http:\/\/czenemarta.hu\/wp-content\/uploads\/2026\/02\/4Czene_ludwig_fotoKerekesZoltan_027-2.jpg\" class=\"wp-image-209 vp-lazyload\" alt srcset=\"data:image\/svg+xml;base64,PHN2ZyB3aWR0aD0iMTkyMCIgaGVpZ2h0PSIxMjIwIiB2aWV3Qm94PSIwIDAgMTkyMCAxMjIwIiBmaWxsPSJub25lIiB4bWxucz0iaHR0cDovL3d3dy53My5vcmcvMjAwMC9zdmciPjwvc3ZnPg==\" data-src=\"http:\/\/czenemarta.hu\/wp-content\/uploads\/2026\/02\/4Czene_ludwig_fotoKerekesZoltan_027-2.jpg\" data-srcset=\"http:\/\/czenemarta.hu\/wp-content\/uploads\/2026\/02\/4Czene_ludwig_fotoKerekesZoltan_027-2.jpg 2000w, http:\/\/czenemarta.hu\/wp-content\/uploads\/2026\/02\/4Czene_ludwig_fotoKerekesZoltan_027-2-300x191.jpg 300w, http:\/\/czenemarta.hu\/wp-content\/uploads\/2026\/02\/4Czene_ludwig_fotoKerekesZoltan_027-2-1024x651.jpg 1024w, http:\/\/czenemarta.hu\/wp-content\/uploads\/2026\/02\/4Czene_ludwig_fotoKerekesZoltan_027-2-768x488.jpg 768w, http:\/\/czenemarta.hu\/wp-content\/uploads\/2026\/02\/4Czene_ludwig_fotoKerekesZoltan_027-2-1536x976.jpg 1536w\" data-sizes=\"auto\" loading=\"eager\">\n\t\t<\/a>\t<\/div>\n<\/div>\n\t<figcaption class=\"vp-portfolio__item-overlay vp-portfolio__item-overlay-text-align-center\">\n\t\t<div class=\"vp-portfolio__item-meta-wrap vp-portfolio__custom-scrollbar\">\n\t\t\t\t<a\n\t\thref=\"http:\/\/czenemarta.hu\/wp-content\/uploads\/2026\/02\/4Czene_ludwig_fotoKerekesZoltan_027-2.jpg\"\n\t\ttabindex=\"-1\" class=\"vp-portfolio__item-meta\" aria-label=\"Elenged\u00e9si gyakorlatok, 2021, r\u00e9szlet\nInstall\u00e1ci\u00f3 az Esterh\u00e1zy Art Award Shortlist ki\u00e1ll\u00edt\u00e1son - Ludwig M\u00fazeum, Budapest\" \t>\n\t\n<h2 class=\"vp-portfolio__item-meta-title\">\n\tElenged\u00e9si gyakorlatok, 2021, r\u00e9szlet\nInstall\u00e1ci\u00f3 az Esterh\u00e1zy Art Award Shortlist ki\u00e1ll\u00edt\u00e1son &#8211; Ludwig M\u00fazeum, Budapest<\/h2>\n<\/a>\t\t<\/div>\n\t<\/figcaption>\n\t\t\t<\/figure>\n\t\t\t\t\t<\/div>\n\t\t\n\t\t<div\t\tclass=\"vp-portfolio__item-wrap vp-portfolio__item-uid-50f2885e\" data-vp-filter=\"\" \t\t>\n\t\t\t<template class=\"vp-portfolio__item-popup\" data-vp-popup-img=\"http:\/\/czenemarta.hu\/wp-content\/uploads\/2026\/02\/5DSC00593.jpg\" data-vp-popup-img-srcset=\"http:\/\/czenemarta.hu\/wp-content\/uploads\/2026\/02\/5DSC00593.jpg 2000w, http:\/\/czenemarta.hu\/wp-content\/uploads\/2026\/02\/5DSC00593-300x200.jpg 300w, http:\/\/czenemarta.hu\/wp-content\/uploads\/2026\/02\/5DSC00593-1024x682.jpg 1024w, http:\/\/czenemarta.hu\/wp-content\/uploads\/2026\/02\/5DSC00593-768x512.jpg 768w, http:\/\/czenemarta.hu\/wp-content\/uploads\/2026\/02\/5DSC00593-1536x1024.jpg 1536w\" data-vp-popup-img-size=\"1920x1280\" data-vp-popup-md-img=\"http:\/\/czenemarta.hu\/wp-content\/uploads\/2026\/02\/5DSC00593.jpg\" data-vp-popup-md-img-size=\"800x533\" data-vp-popup-sm-img=\"http:\/\/czenemarta.hu\/wp-content\/uploads\/2026\/02\/5DSC00593.jpg\" data-vp-popup-sm-img-size=\"500x333\">\n\t\t\t<h3 class=\"vp-portfolio__item-popup-title\">Elenged\u00e9si gyakorlatok, 2021, r\u00e9szlet\nInstall\u00e1ci\u00f3 az Esterh\u00e1zy Art Award Shortlist ki\u00e1ll\u00edt\u00e1son &#8211; Ludwig M\u00fazeum, Budapest<\/h3>\n\t\t<\/template>\n\t\t\t\t\t\t<figure class=\"vp-portfolio__item\">\n\t\t\t\t\n<div class=\"vp-portfolio__item-img-wrap\">\n\t<div class=\"vp-portfolio__item-img\">\n\t\t\t<a\n\t\thref=\"http:\/\/czenemarta.hu\/wp-content\/uploads\/2026\/02\/5DSC00593.jpg\"\n\t\taria-label=\"Elenged\u00e9si gyakorlatok, 2021, r\u00e9szlet\nInstall\u00e1ci\u00f3 az Esterh\u00e1zy Art Award Shortlist ki\u00e1ll\u00edt\u00e1son - Ludwig M\u00fazeum, Budapest\" \t>\n\t\n\t\t<noscript><img loading=\"lazy\" decoding=\"async\" width=\"1920\" height=\"1280\" data-skip-lazy src=\"http:\/\/czenemarta.hu\/wp-content\/uploads\/2026\/02\/5DSC00593.jpg\" class=\"wp-image-210\" alt=\"\" srcset=\"http:\/\/czenemarta.hu\/wp-content\/uploads\/2026\/02\/5DSC00593.jpg 2000w, http:\/\/czenemarta.hu\/wp-content\/uploads\/2026\/02\/5DSC00593-300x200.jpg 300w, http:\/\/czenemarta.hu\/wp-content\/uploads\/2026\/02\/5DSC00593-1024x682.jpg 1024w, http:\/\/czenemarta.hu\/wp-content\/uploads\/2026\/02\/5DSC00593-768x512.jpg 768w, http:\/\/czenemarta.hu\/wp-content\/uploads\/2026\/02\/5DSC00593-1536x1024.jpg 1536w\" sizes=\"auto, (max-width: 1920px) 100vw, 1920px\" \/><\/noscript><img decoding=\"async\" width=\"1920\" height=\"1280\" src=\"http:\/\/czenemarta.hu\/wp-content\/uploads\/2026\/02\/5DSC00593.jpg\" class=\"wp-image-210 vp-lazyload\" alt srcset=\"data:image\/svg+xml;base64,PHN2ZyB3aWR0aD0iMTkyMCIgaGVpZ2h0PSIxMjgwIiB2aWV3Qm94PSIwIDAgMTkyMCAxMjgwIiBmaWxsPSJub25lIiB4bWxucz0iaHR0cDovL3d3dy53My5vcmcvMjAwMC9zdmciPjwvc3ZnPg==\" data-src=\"http:\/\/czenemarta.hu\/wp-content\/uploads\/2026\/02\/5DSC00593.jpg\" data-srcset=\"http:\/\/czenemarta.hu\/wp-content\/uploads\/2026\/02\/5DSC00593.jpg 2000w, http:\/\/czenemarta.hu\/wp-content\/uploads\/2026\/02\/5DSC00593-300x200.jpg 300w, http:\/\/czenemarta.hu\/wp-content\/uploads\/2026\/02\/5DSC00593-1024x682.jpg 1024w, http:\/\/czenemarta.hu\/wp-content\/uploads\/2026\/02\/5DSC00593-768x512.jpg 768w, http:\/\/czenemarta.hu\/wp-content\/uploads\/2026\/02\/5DSC00593-1536x1024.jpg 1536w\" data-sizes=\"auto\" loading=\"eager\">\n\t\t<\/a>\t<\/div>\n<\/div>\n\t<figcaption class=\"vp-portfolio__item-overlay vp-portfolio__item-overlay-text-align-center\">\n\t\t<div class=\"vp-portfolio__item-meta-wrap vp-portfolio__custom-scrollbar\">\n\t\t\t\t<a\n\t\thref=\"http:\/\/czenemarta.hu\/wp-content\/uploads\/2026\/02\/5DSC00593.jpg\"\n\t\ttabindex=\"-1\" class=\"vp-portfolio__item-meta\" aria-label=\"Elenged\u00e9si gyakorlatok, 2021, r\u00e9szlet\nInstall\u00e1ci\u00f3 az Esterh\u00e1zy Art Award Shortlist ki\u00e1ll\u00edt\u00e1son - Ludwig M\u00fazeum, Budapest\" \t>\n\t\n<h2 class=\"vp-portfolio__item-meta-title\">\n\tElenged\u00e9si gyakorlatok, 2021, r\u00e9szlet\nInstall\u00e1ci\u00f3 az Esterh\u00e1zy Art Award Shortlist ki\u00e1ll\u00edt\u00e1son &#8211; Ludwig M\u00fazeum, Budapest<\/h2>\n<\/a>\t\t<\/div>\n\t<\/figcaption>\n\t\t\t<\/figure>\n\t\t\t\t\t<\/div>\n\t\t\n\t\t<div\t\tclass=\"vp-portfolio__item-wrap vp-portfolio__item-uid-db4e760a\" data-vp-filter=\"\" \t\t>\n\t\t\t<template class=\"vp-portfolio__item-popup\" data-vp-popup-img=\"http:\/\/czenemarta.hu\/wp-content\/uploads\/2026\/02\/8DSC00604_2.jpg\" data-vp-popup-img-srcset=\"http:\/\/czenemarta.hu\/wp-content\/uploads\/2026\/02\/8DSC00604_2.jpg 1333w, http:\/\/czenemarta.hu\/wp-content\/uploads\/2026\/02\/8DSC00604_2-200x300.jpg 200w, http:\/\/czenemarta.hu\/wp-content\/uploads\/2026\/02\/8DSC00604_2-682x1024.jpg 682w, http:\/\/czenemarta.hu\/wp-content\/uploads\/2026\/02\/8DSC00604_2-768x1152.jpg 768w, http:\/\/czenemarta.hu\/wp-content\/uploads\/2026\/02\/8DSC00604_2-1024x1536.jpg 1024w\" data-vp-popup-img-size=\"1333x2000\" data-vp-popup-md-img=\"http:\/\/czenemarta.hu\/wp-content\/uploads\/2026\/02\/8DSC00604_2.jpg\" data-vp-popup-md-img-size=\"800x1200\" data-vp-popup-sm-img=\"http:\/\/czenemarta.hu\/wp-content\/uploads\/2026\/02\/8DSC00604_2.jpg\" data-vp-popup-sm-img-size=\"500x750\">\n\t\t\t<h3 class=\"vp-portfolio__item-popup-title\">Elenged\u00e9si gyakorlatok, 2021, r\u00e9szlet\nInstall\u00e1ci\u00f3 az Esterh\u00e1zy Art Award Shortlist ki\u00e1ll\u00edt\u00e1son &#8211; Ludwig M\u00fazeum, Budapest<\/h3>\n\t\t<\/template>\n\t\t\t\t\t\t<figure class=\"vp-portfolio__item\">\n\t\t\t\t\n<div class=\"vp-portfolio__item-img-wrap\">\n\t<div class=\"vp-portfolio__item-img\">\n\t\t\t<a\n\t\thref=\"http:\/\/czenemarta.hu\/wp-content\/uploads\/2026\/02\/8DSC00604_2.jpg\"\n\t\taria-label=\"Elenged\u00e9si gyakorlatok, 2021, r\u00e9szlet\nInstall\u00e1ci\u00f3 az Esterh\u00e1zy Art Award Shortlist ki\u00e1ll\u00edt\u00e1son - Ludwig M\u00fazeum, Budapest\" \t>\n\t\n\t\t<noscript><img loading=\"lazy\" decoding=\"async\" width=\"1333\" height=\"2000\" data-skip-lazy src=\"http:\/\/czenemarta.hu\/wp-content\/uploads\/2026\/02\/8DSC00604_2.jpg\" class=\"wp-image-213\" alt=\"\" srcset=\"http:\/\/czenemarta.hu\/wp-content\/uploads\/2026\/02\/8DSC00604_2.jpg 1333w, http:\/\/czenemarta.hu\/wp-content\/uploads\/2026\/02\/8DSC00604_2-200x300.jpg 200w, http:\/\/czenemarta.hu\/wp-content\/uploads\/2026\/02\/8DSC00604_2-682x1024.jpg 682w, http:\/\/czenemarta.hu\/wp-content\/uploads\/2026\/02\/8DSC00604_2-768x1152.jpg 768w, http:\/\/czenemarta.hu\/wp-content\/uploads\/2026\/02\/8DSC00604_2-1024x1536.jpg 1024w\" sizes=\"auto, (max-width: 1333px) 100vw, 1333px\" \/><\/noscript><img decoding=\"async\" width=\"1333\" height=\"2000\" src=\"http:\/\/czenemarta.hu\/wp-content\/uploads\/2026\/02\/8DSC00604_2.jpg\" class=\"wp-image-213 vp-lazyload\" alt srcset=\"data:image\/svg+xml;base64,PHN2ZyB3aWR0aD0iMTMzMyIgaGVpZ2h0PSIyMDAwIiB2aWV3Qm94PSIwIDAgMTMzMyAyMDAwIiBmaWxsPSJub25lIiB4bWxucz0iaHR0cDovL3d3dy53My5vcmcvMjAwMC9zdmciPjwvc3ZnPg==\" data-src=\"http:\/\/czenemarta.hu\/wp-content\/uploads\/2026\/02\/8DSC00604_2.jpg\" data-srcset=\"http:\/\/czenemarta.hu\/wp-content\/uploads\/2026\/02\/8DSC00604_2.jpg 1333w, http:\/\/czenemarta.hu\/wp-content\/uploads\/2026\/02\/8DSC00604_2-200x300.jpg 200w, http:\/\/czenemarta.hu\/wp-content\/uploads\/2026\/02\/8DSC00604_2-682x1024.jpg 682w, http:\/\/czenemarta.hu\/wp-content\/uploads\/2026\/02\/8DSC00604_2-768x1152.jpg 768w, http:\/\/czenemarta.hu\/wp-content\/uploads\/2026\/02\/8DSC00604_2-1024x1536.jpg 1024w\" data-sizes=\"auto\" loading=\"eager\">\n\t\t<\/a>\t<\/div>\n<\/div>\n\t<figcaption class=\"vp-portfolio__item-overlay vp-portfolio__item-overlay-text-align-center\">\n\t\t<div class=\"vp-portfolio__item-meta-wrap vp-portfolio__custom-scrollbar\">\n\t\t\t\t<a\n\t\thref=\"http:\/\/czenemarta.hu\/wp-content\/uploads\/2026\/02\/8DSC00604_2.jpg\"\n\t\ttabindex=\"-1\" class=\"vp-portfolio__item-meta\" aria-label=\"Elenged\u00e9si gyakorlatok, 2021, r\u00e9szlet\nInstall\u00e1ci\u00f3 az Esterh\u00e1zy Art Award Shortlist ki\u00e1ll\u00edt\u00e1son - Ludwig M\u00fazeum, Budapest\" \t>\n\t\n<h2 class=\"vp-portfolio__item-meta-title\">\n\tElenged\u00e9si gyakorlatok, 2021, r\u00e9szlet\nInstall\u00e1ci\u00f3 az Esterh\u00e1zy Art Award Shortlist ki\u00e1ll\u00edt\u00e1son &#8211; Ludwig M\u00fazeum, Budapest<\/h2>\n<\/a>\t\t<\/div>\n\t<\/figcaption>\n\t\t\t<\/figure>\n\t\t\t\t\t<\/div>\n\t\t\n\t\t<div\t\tclass=\"vp-portfolio__item-wrap vp-portfolio__item-uid-fd9684cc\" data-vp-filter=\"\" \t\t>\n\t\t\t<template class=\"vp-portfolio__item-popup\" data-vp-popup-img=\"http:\/\/czenemarta.hu\/wp-content\/uploads\/2026\/02\/9DSC00584_v2.jpg\" data-vp-popup-img-srcset=\"http:\/\/czenemarta.hu\/wp-content\/uploads\/2026\/02\/9DSC00584_v2.jpg 1333w, http:\/\/czenemarta.hu\/wp-content\/uploads\/2026\/02\/9DSC00584_v2-200x300.jpg 200w, http:\/\/czenemarta.hu\/wp-content\/uploads\/2026\/02\/9DSC00584_v2-682x1024.jpg 682w, http:\/\/czenemarta.hu\/wp-content\/uploads\/2026\/02\/9DSC00584_v2-768x1152.jpg 768w, http:\/\/czenemarta.hu\/wp-content\/uploads\/2026\/02\/9DSC00584_v2-1024x1536.jpg 1024w\" data-vp-popup-img-size=\"1333x2000\" data-vp-popup-md-img=\"http:\/\/czenemarta.hu\/wp-content\/uploads\/2026\/02\/9DSC00584_v2.jpg\" data-vp-popup-md-img-size=\"800x1200\" data-vp-popup-sm-img=\"http:\/\/czenemarta.hu\/wp-content\/uploads\/2026\/02\/9DSC00584_v2.jpg\" data-vp-popup-sm-img-size=\"500x750\">\n\t\t\t<h3 class=\"vp-portfolio__item-popup-title\">Elenged\u00e9si gyakorlatok, 2021, r\u00e9szlet\nInstall\u00e1ci\u00f3 az Esterh\u00e1zy Art Award Shortlist ki\u00e1ll\u00edt\u00e1son &#8211; Ludwig M\u00fazeum, Budapest<\/h3>\n\t\t<\/template>\n\t\t\t\t\t\t<figure class=\"vp-portfolio__item\">\n\t\t\t\t\n<div class=\"vp-portfolio__item-img-wrap\">\n\t<div class=\"vp-portfolio__item-img\">\n\t\t\t<a\n\t\thref=\"http:\/\/czenemarta.hu\/wp-content\/uploads\/2026\/02\/9DSC00584_v2.jpg\"\n\t\taria-label=\"Elenged\u00e9si gyakorlatok, 2021, r\u00e9szlet\nInstall\u00e1ci\u00f3 az Esterh\u00e1zy Art Award Shortlist ki\u00e1ll\u00edt\u00e1son - Ludwig M\u00fazeum, Budapest\" \t>\n\t\n\t\t<noscript><img loading=\"lazy\" decoding=\"async\" width=\"1333\" height=\"2000\" data-skip-lazy src=\"http:\/\/czenemarta.hu\/wp-content\/uploads\/2026\/02\/9DSC00584_v2.jpg\" class=\"wp-image-214\" alt=\"\" srcset=\"http:\/\/czenemarta.hu\/wp-content\/uploads\/2026\/02\/9DSC00584_v2.jpg 1333w, http:\/\/czenemarta.hu\/wp-content\/uploads\/2026\/02\/9DSC00584_v2-200x300.jpg 200w, http:\/\/czenemarta.hu\/wp-content\/uploads\/2026\/02\/9DSC00584_v2-682x1024.jpg 682w, http:\/\/czenemarta.hu\/wp-content\/uploads\/2026\/02\/9DSC00584_v2-768x1152.jpg 768w, http:\/\/czenemarta.hu\/wp-content\/uploads\/2026\/02\/9DSC00584_v2-1024x1536.jpg 1024w\" sizes=\"auto, (max-width: 1333px) 100vw, 1333px\" \/><\/noscript><img decoding=\"async\" width=\"1333\" height=\"2000\" src=\"http:\/\/czenemarta.hu\/wp-content\/uploads\/2026\/02\/9DSC00584_v2.jpg\" class=\"wp-image-214 vp-lazyload\" alt srcset=\"data:image\/svg+xml;base64,PHN2ZyB3aWR0aD0iMTMzMyIgaGVpZ2h0PSIyMDAwIiB2aWV3Qm94PSIwIDAgMTMzMyAyMDAwIiBmaWxsPSJub25lIiB4bWxucz0iaHR0cDovL3d3dy53My5vcmcvMjAwMC9zdmciPjwvc3ZnPg==\" data-src=\"http:\/\/czenemarta.hu\/wp-content\/uploads\/2026\/02\/9DSC00584_v2.jpg\" data-srcset=\"http:\/\/czenemarta.hu\/wp-content\/uploads\/2026\/02\/9DSC00584_v2.jpg 1333w, http:\/\/czenemarta.hu\/wp-content\/uploads\/2026\/02\/9DSC00584_v2-200x300.jpg 200w, http:\/\/czenemarta.hu\/wp-content\/uploads\/2026\/02\/9DSC00584_v2-682x1024.jpg 682w, http:\/\/czenemarta.hu\/wp-content\/uploads\/2026\/02\/9DSC00584_v2-768x1152.jpg 768w, http:\/\/czenemarta.hu\/wp-content\/uploads\/2026\/02\/9DSC00584_v2-1024x1536.jpg 1024w\" data-sizes=\"auto\" loading=\"eager\">\n\t\t<\/a>\t<\/div>\n<\/div>\n\t<figcaption class=\"vp-portfolio__item-overlay vp-portfolio__item-overlay-text-align-center\">\n\t\t<div class=\"vp-portfolio__item-meta-wrap vp-portfolio__custom-scrollbar\">\n\t\t\t\t<a\n\t\thref=\"http:\/\/czenemarta.hu\/wp-content\/uploads\/2026\/02\/9DSC00584_v2.jpg\"\n\t\ttabindex=\"-1\" class=\"vp-portfolio__item-meta\" aria-label=\"Elenged\u00e9si gyakorlatok, 2021, r\u00e9szlet\nInstall\u00e1ci\u00f3 az Esterh\u00e1zy Art Award Shortlist ki\u00e1ll\u00edt\u00e1son - Ludwig M\u00fazeum, Budapest\" \t>\n\t\n<h2 class=\"vp-portfolio__item-meta-title\">\n\tElenged\u00e9si gyakorlatok, 2021, r\u00e9szlet\nInstall\u00e1ci\u00f3 az Esterh\u00e1zy Art Award Shortlist ki\u00e1ll\u00edt\u00e1son &#8211; Ludwig M\u00fazeum, Budapest<\/h2>\n<\/a>\t\t<\/div>\n\t<\/figcaption>\n\t\t\t<\/figure>\n\t\t\t\t\t<\/div>\n\t\t\n\t\t<div\t\tclass=\"vp-portfolio__item-wrap vp-portfolio__item-uid-d2f2a40c\" data-vp-filter=\"\" \t\t>\n\t\t\t<template class=\"vp-portfolio__item-popup\" data-vp-popup-img=\"http:\/\/czenemarta.hu\/wp-content\/uploads\/2026\/02\/10IMG_20211129_151602.jpg\" data-vp-popup-img-srcset=\"http:\/\/czenemarta.hu\/wp-content\/uploads\/2026\/02\/10IMG_20211129_151602.jpg 2000w, http:\/\/czenemarta.hu\/wp-content\/uploads\/2026\/02\/10IMG_20211129_151602-300x225.jpg 300w, http:\/\/czenemarta.hu\/wp-content\/uploads\/2026\/02\/10IMG_20211129_151602-1024x768.jpg 1024w, http:\/\/czenemarta.hu\/wp-content\/uploads\/2026\/02\/10IMG_20211129_151602-768x576.jpg 768w, http:\/\/czenemarta.hu\/wp-content\/uploads\/2026\/02\/10IMG_20211129_151602-1536x1152.jpg 1536w\" data-vp-popup-img-size=\"1920x1440\" data-vp-popup-md-img=\"http:\/\/czenemarta.hu\/wp-content\/uploads\/2026\/02\/10IMG_20211129_151602.jpg\" data-vp-popup-md-img-size=\"800x600\" data-vp-popup-sm-img=\"http:\/\/czenemarta.hu\/wp-content\/uploads\/2026\/02\/10IMG_20211129_151602.jpg\" data-vp-popup-sm-img-size=\"500x375\">\n\t\t\t<h3 class=\"vp-portfolio__item-popup-title\">Elenged\u00e9si gyakorlatok, 2021, r\u00e9szlet\nInstall\u00e1ci\u00f3 az Esterh\u00e1zy Art Award Shortlist ki\u00e1ll\u00edt\u00e1son &#8211; Ludwig M\u00fazeum, Budapest<\/h3>\n\t\t<\/template>\n\t\t\t\t\t\t<figure class=\"vp-portfolio__item\">\n\t\t\t\t\n<div class=\"vp-portfolio__item-img-wrap\">\n\t<div class=\"vp-portfolio__item-img\">\n\t\t\t<a\n\t\thref=\"http:\/\/czenemarta.hu\/wp-content\/uploads\/2026\/02\/10IMG_20211129_151602.jpg\"\n\t\taria-label=\"Elenged\u00e9si gyakorlatok, 2021, r\u00e9szlet\nInstall\u00e1ci\u00f3 az Esterh\u00e1zy Art Award Shortlist ki\u00e1ll\u00edt\u00e1son - Ludwig M\u00fazeum, Budapest\" \t>\n\t\n\t\t<noscript><img loading=\"lazy\" decoding=\"async\" width=\"1920\" height=\"1440\" data-skip-lazy src=\"http:\/\/czenemarta.hu\/wp-content\/uploads\/2026\/02\/10IMG_20211129_151602.jpg\" class=\"wp-image-215\" alt=\"\" srcset=\"http:\/\/czenemarta.hu\/wp-content\/uploads\/2026\/02\/10IMG_20211129_151602.jpg 2000w, http:\/\/czenemarta.hu\/wp-content\/uploads\/2026\/02\/10IMG_20211129_151602-300x225.jpg 300w, http:\/\/czenemarta.hu\/wp-content\/uploads\/2026\/02\/10IMG_20211129_151602-1024x768.jpg 1024w, http:\/\/czenemarta.hu\/wp-content\/uploads\/2026\/02\/10IMG_20211129_151602-768x576.jpg 768w, http:\/\/czenemarta.hu\/wp-content\/uploads\/2026\/02\/10IMG_20211129_151602-1536x1152.jpg 1536w\" sizes=\"auto, (max-width: 1920px) 100vw, 1920px\" \/><\/noscript><img decoding=\"async\" width=\"1920\" height=\"1440\" src=\"http:\/\/czenemarta.hu\/wp-content\/uploads\/2026\/02\/10IMG_20211129_151602.jpg\" class=\"wp-image-215 vp-lazyload\" alt srcset=\"data:image\/svg+xml;base64,PHN2ZyB3aWR0aD0iMTkyMCIgaGVpZ2h0PSIxNDQwIiB2aWV3Qm94PSIwIDAgMTkyMCAxNDQwIiBmaWxsPSJub25lIiB4bWxucz0iaHR0cDovL3d3dy53My5vcmcvMjAwMC9zdmciPjwvc3ZnPg==\" data-src=\"http:\/\/czenemarta.hu\/wp-content\/uploads\/2026\/02\/10IMG_20211129_151602.jpg\" data-srcset=\"http:\/\/czenemarta.hu\/wp-content\/uploads\/2026\/02\/10IMG_20211129_151602.jpg 2000w, http:\/\/czenemarta.hu\/wp-content\/uploads\/2026\/02\/10IMG_20211129_151602-300x225.jpg 300w, http:\/\/czenemarta.hu\/wp-content\/uploads\/2026\/02\/10IMG_20211129_151602-1024x768.jpg 1024w, http:\/\/czenemarta.hu\/wp-content\/uploads\/2026\/02\/10IMG_20211129_151602-768x576.jpg 768w, http:\/\/czenemarta.hu\/wp-content\/uploads\/2026\/02\/10IMG_20211129_151602-1536x1152.jpg 1536w\" data-sizes=\"auto\" loading=\"eager\">\n\t\t<\/a>\t<\/div>\n<\/div>\n\t<figcaption class=\"vp-portfolio__item-overlay vp-portfolio__item-overlay-text-align-center\">\n\t\t<div class=\"vp-portfolio__item-meta-wrap vp-portfolio__custom-scrollbar\">\n\t\t\t\t<a\n\t\thref=\"http:\/\/czenemarta.hu\/wp-content\/uploads\/2026\/02\/10IMG_20211129_151602.jpg\"\n\t\ttabindex=\"-1\" class=\"vp-portfolio__item-meta\" aria-label=\"Elenged\u00e9si gyakorlatok, 2021, r\u00e9szlet\nInstall\u00e1ci\u00f3 az Esterh\u00e1zy Art Award Shortlist ki\u00e1ll\u00edt\u00e1son - Ludwig M\u00fazeum, Budapest\" \t>\n\t\n<h2 class=\"vp-portfolio__item-meta-title\">\n\tElenged\u00e9si gyakorlatok, 2021, r\u00e9szlet\nInstall\u00e1ci\u00f3 az Esterh\u00e1zy Art Award Shortlist ki\u00e1ll\u00edt\u00e1son &#8211; Ludwig M\u00fazeum, Budapest<\/h2>\n<\/a>\t\t<\/div>\n\t<\/figcaption>\n\t\t\t<\/figure>\n\t\t\t\t\t<\/div>\n\t\t\n\t\t<div\t\tclass=\"vp-portfolio__item-wrap vp-portfolio__item-uid-f34792d3\" data-vp-filter=\"\" \t\t>\n\t\t\t<template class=\"vp-portfolio__item-popup\" data-vp-popup-img=\"http:\/\/czenemarta.hu\/wp-content\/uploads\/2026\/02\/11DSC00570.jpg\" data-vp-popup-img-srcset=\"http:\/\/czenemarta.hu\/wp-content\/uploads\/2026\/02\/11DSC00570.jpg 1333w, http:\/\/czenemarta.hu\/wp-content\/uploads\/2026\/02\/11DSC00570-200x300.jpg 200w, http:\/\/czenemarta.hu\/wp-content\/uploads\/2026\/02\/11DSC00570-682x1024.jpg 682w, http:\/\/czenemarta.hu\/wp-content\/uploads\/2026\/02\/11DSC00570-768x1152.jpg 768w, http:\/\/czenemarta.hu\/wp-content\/uploads\/2026\/02\/11DSC00570-1024x1536.jpg 1024w\" data-vp-popup-img-size=\"1333x2000\" data-vp-popup-md-img=\"http:\/\/czenemarta.hu\/wp-content\/uploads\/2026\/02\/11DSC00570.jpg\" data-vp-popup-md-img-size=\"800x1200\" data-vp-popup-sm-img=\"http:\/\/czenemarta.hu\/wp-content\/uploads\/2026\/02\/11DSC00570.jpg\" data-vp-popup-sm-img-size=\"500x750\">\n\t\t\t<h3 class=\"vp-portfolio__item-popup-title\">Elenged\u00e9si gyakorlatok, 2021, r\u00e9szlet\nInstall\u00e1ci\u00f3 az Esterh\u00e1zy Art Award Shortlist ki\u00e1ll\u00edt\u00e1son &#8211; Ludwig M\u00fazeum, Budapest<\/h3>\n\t\t<\/template>\n\t\t\t\t\t\t<figure class=\"vp-portfolio__item\">\n\t\t\t\t\n<div class=\"vp-portfolio__item-img-wrap\">\n\t<div class=\"vp-portfolio__item-img\">\n\t\t\t<a\n\t\thref=\"http:\/\/czenemarta.hu\/wp-content\/uploads\/2026\/02\/11DSC00570.jpg\"\n\t\taria-label=\"Elenged\u00e9si gyakorlatok, 2021, r\u00e9szlet\nInstall\u00e1ci\u00f3 az Esterh\u00e1zy Art Award Shortlist ki\u00e1ll\u00edt\u00e1son - Ludwig M\u00fazeum, Budapest\" \t>\n\t\n\t\t<noscript><img loading=\"lazy\" decoding=\"async\" width=\"1333\" height=\"2000\" data-skip-lazy src=\"http:\/\/czenemarta.hu\/wp-content\/uploads\/2026\/02\/11DSC00570.jpg\" class=\"wp-image-216\" alt=\"\" srcset=\"http:\/\/czenemarta.hu\/wp-content\/uploads\/2026\/02\/11DSC00570.jpg 1333w, http:\/\/czenemarta.hu\/wp-content\/uploads\/2026\/02\/11DSC00570-200x300.jpg 200w, http:\/\/czenemarta.hu\/wp-content\/uploads\/2026\/02\/11DSC00570-682x1024.jpg 682w, http:\/\/czenemarta.hu\/wp-content\/uploads\/2026\/02\/11DSC00570-768x1152.jpg 768w, http:\/\/czenemarta.hu\/wp-content\/uploads\/2026\/02\/11DSC00570-1024x1536.jpg 1024w\" sizes=\"auto, (max-width: 1333px) 100vw, 1333px\" \/><\/noscript><img decoding=\"async\" width=\"1333\" height=\"2000\" src=\"http:\/\/czenemarta.hu\/wp-content\/uploads\/2026\/02\/11DSC00570.jpg\" class=\"wp-image-216 vp-lazyload\" alt srcset=\"data:image\/svg+xml;base64,PHN2ZyB3aWR0aD0iMTMzMyIgaGVpZ2h0PSIyMDAwIiB2aWV3Qm94PSIwIDAgMTMzMyAyMDAwIiBmaWxsPSJub25lIiB4bWxucz0iaHR0cDovL3d3dy53My5vcmcvMjAwMC9zdmciPjwvc3ZnPg==\" data-src=\"http:\/\/czenemarta.hu\/wp-content\/uploads\/2026\/02\/11DSC00570.jpg\" data-srcset=\"http:\/\/czenemarta.hu\/wp-content\/uploads\/2026\/02\/11DSC00570.jpg 1333w, http:\/\/czenemarta.hu\/wp-content\/uploads\/2026\/02\/11DSC00570-200x300.jpg 200w, http:\/\/czenemarta.hu\/wp-content\/uploads\/2026\/02\/11DSC00570-682x1024.jpg 682w, http:\/\/czenemarta.hu\/wp-content\/uploads\/2026\/02\/11DSC00570-768x1152.jpg 768w, http:\/\/czenemarta.hu\/wp-content\/uploads\/2026\/02\/11DSC00570-1024x1536.jpg 1024w\" data-sizes=\"auto\" loading=\"eager\">\n\t\t<\/a>\t<\/div>\n<\/div>\n\t<figcaption class=\"vp-portfolio__item-overlay vp-portfolio__item-overlay-text-align-center\">\n\t\t<div class=\"vp-portfolio__item-meta-wrap vp-portfolio__custom-scrollbar\">\n\t\t\t\t<a\n\t\thref=\"http:\/\/czenemarta.hu\/wp-content\/uploads\/2026\/02\/11DSC00570.jpg\"\n\t\ttabindex=\"-1\" class=\"vp-portfolio__item-meta\" aria-label=\"Elenged\u00e9si gyakorlatok, 2021, r\u00e9szlet\nInstall\u00e1ci\u00f3 az Esterh\u00e1zy Art Award Shortlist ki\u00e1ll\u00edt\u00e1son - Ludwig M\u00fazeum, Budapest\" \t>\n\t\n<h2 class=\"vp-portfolio__item-meta-title\">\n\tElenged\u00e9si gyakorlatok, 2021, r\u00e9szlet\nInstall\u00e1ci\u00f3 az Esterh\u00e1zy Art Award Shortlist ki\u00e1ll\u00edt\u00e1son &#8211; Ludwig M\u00fazeum, Budapest<\/h2>\n<\/a>\t\t<\/div>\n\t<\/figcaption>\n\t\t\t<\/figure>\n\t\t\t\t\t<\/div>\n\t\t\n\t\t<div\t\tclass=\"vp-portfolio__item-wrap vp-portfolio__item-uid-a2e825aa\" data-vp-filter=\"\" \t\t>\n\t\t\t<template class=\"vp-portfolio__item-popup\" data-vp-popup-img=\"http:\/\/czenemarta.hu\/wp-content\/uploads\/2026\/02\/12DSC00599.jpg\" data-vp-popup-img-srcset=\"http:\/\/czenemarta.hu\/wp-content\/uploads\/2026\/02\/12DSC00599.jpg 1333w, http:\/\/czenemarta.hu\/wp-content\/uploads\/2026\/02\/12DSC00599-200x300.jpg 200w, http:\/\/czenemarta.hu\/wp-content\/uploads\/2026\/02\/12DSC00599-682x1024.jpg 682w, http:\/\/czenemarta.hu\/wp-content\/uploads\/2026\/02\/12DSC00599-768x1152.jpg 768w, http:\/\/czenemarta.hu\/wp-content\/uploads\/2026\/02\/12DSC00599-1024x1536.jpg 1024w\" data-vp-popup-img-size=\"1333x2000\" data-vp-popup-md-img=\"http:\/\/czenemarta.hu\/wp-content\/uploads\/2026\/02\/12DSC00599.jpg\" data-vp-popup-md-img-size=\"800x1200\" data-vp-popup-sm-img=\"http:\/\/czenemarta.hu\/wp-content\/uploads\/2026\/02\/12DSC00599.jpg\" data-vp-popup-sm-img-size=\"500x750\">\n\t\t\t<h3 class=\"vp-portfolio__item-popup-title\">Elenged\u00e9si gyakorlatok, 2021, r\u00e9szlet\nInstall\u00e1ci\u00f3 az Esterh\u00e1zy Art Award Shortlist ki\u00e1ll\u00edt\u00e1son &#8211; Ludwig M\u00fazeum, Budapest<\/h3>\n\t\t<\/template>\n\t\t\t\t\t\t<figure class=\"vp-portfolio__item\">\n\t\t\t\t\n<div class=\"vp-portfolio__item-img-wrap\">\n\t<div class=\"vp-portfolio__item-img\">\n\t\t\t<a\n\t\thref=\"http:\/\/czenemarta.hu\/wp-content\/uploads\/2026\/02\/12DSC00599.jpg\"\n\t\taria-label=\"Elenged\u00e9si gyakorlatok, 2021, r\u00e9szlet\nInstall\u00e1ci\u00f3 az Esterh\u00e1zy Art Award Shortlist ki\u00e1ll\u00edt\u00e1son - Ludwig M\u00fazeum, Budapest\" \t>\n\t\n\t\t<noscript><img loading=\"lazy\" decoding=\"async\" width=\"1333\" height=\"2000\" data-skip-lazy src=\"http:\/\/czenemarta.hu\/wp-content\/uploads\/2026\/02\/12DSC00599.jpg\" class=\"wp-image-217\" alt=\"\" srcset=\"http:\/\/czenemarta.hu\/wp-content\/uploads\/2026\/02\/12DSC00599.jpg 1333w, http:\/\/czenemarta.hu\/wp-content\/uploads\/2026\/02\/12DSC00599-200x300.jpg 200w, http:\/\/czenemarta.hu\/wp-content\/uploads\/2026\/02\/12DSC00599-682x1024.jpg 682w, http:\/\/czenemarta.hu\/wp-content\/uploads\/2026\/02\/12DSC00599-768x1152.jpg 768w, http:\/\/czenemarta.hu\/wp-content\/uploads\/2026\/02\/12DSC00599-1024x1536.jpg 1024w\" sizes=\"auto, (max-width: 1333px) 100vw, 1333px\" \/><\/noscript><img decoding=\"async\" width=\"1333\" height=\"2000\" src=\"http:\/\/czenemarta.hu\/wp-content\/uploads\/2026\/02\/12DSC00599.jpg\" class=\"wp-image-217 vp-lazyload\" alt srcset=\"data:image\/svg+xml;base64,PHN2ZyB3aWR0aD0iMTMzMyIgaGVpZ2h0PSIyMDAwIiB2aWV3Qm94PSIwIDAgMTMzMyAyMDAwIiBmaWxsPSJub25lIiB4bWxucz0iaHR0cDovL3d3dy53My5vcmcvMjAwMC9zdmciPjwvc3ZnPg==\" data-src=\"http:\/\/czenemarta.hu\/wp-content\/uploads\/2026\/02\/12DSC00599.jpg\" data-srcset=\"http:\/\/czenemarta.hu\/wp-content\/uploads\/2026\/02\/12DSC00599.jpg 1333w, http:\/\/czenemarta.hu\/wp-content\/uploads\/2026\/02\/12DSC00599-200x300.jpg 200w, http:\/\/czenemarta.hu\/wp-content\/uploads\/2026\/02\/12DSC00599-682x1024.jpg 682w, http:\/\/czenemarta.hu\/wp-content\/uploads\/2026\/02\/12DSC00599-768x1152.jpg 768w, http:\/\/czenemarta.hu\/wp-content\/uploads\/2026\/02\/12DSC00599-1024x1536.jpg 1024w\" data-sizes=\"auto\" loading=\"eager\">\n\t\t<\/a>\t<\/div>\n<\/div>\n\t<figcaption class=\"vp-portfolio__item-overlay vp-portfolio__item-overlay-text-align-center\">\n\t\t<div class=\"vp-portfolio__item-meta-wrap vp-portfolio__custom-scrollbar\">\n\t\t\t\t<a\n\t\thref=\"http:\/\/czenemarta.hu\/wp-content\/uploads\/2026\/02\/12DSC00599.jpg\"\n\t\ttabindex=\"-1\" class=\"vp-portfolio__item-meta\" aria-label=\"Elenged\u00e9si gyakorlatok, 2021, r\u00e9szlet\nInstall\u00e1ci\u00f3 az Esterh\u00e1zy Art Award Shortlist ki\u00e1ll\u00edt\u00e1son - Ludwig M\u00fazeum, Budapest\" \t>\n\t\n<h2 class=\"vp-portfolio__item-meta-title\">\n\tElenged\u00e9si gyakorlatok, 2021, r\u00e9szlet\nInstall\u00e1ci\u00f3 az Esterh\u00e1zy Art Award Shortlist ki\u00e1ll\u00edt\u00e1son &#8211; Ludwig M\u00fazeum, Budapest<\/h2>\n<\/a>\t\t<\/div>\n\t<\/figcaption>\n\t\t\t<\/figure>\n\t\t\t\t\t<\/div>\n\t\t\n\t\t<div\t\tclass=\"vp-portfolio__item-wrap vp-portfolio__item-uid-8aeb5f5e\" data-vp-filter=\"\" \t\t>\n\t\t\t<template class=\"vp-portfolio__item-popup\" data-vp-popup-img=\"http:\/\/czenemarta.hu\/wp-content\/uploads\/2026\/02\/13DSC00601.jpg\" data-vp-popup-img-srcset=\"http:\/\/czenemarta.hu\/wp-content\/uploads\/2026\/02\/13DSC00601.jpg 2000w, http:\/\/czenemarta.hu\/wp-content\/uploads\/2026\/02\/13DSC00601-300x200.jpg 300w, http:\/\/czenemarta.hu\/wp-content\/uploads\/2026\/02\/13DSC00601-1024x682.jpg 1024w, http:\/\/czenemarta.hu\/wp-content\/uploads\/2026\/02\/13DSC00601-768x512.jpg 768w, http:\/\/czenemarta.hu\/wp-content\/uploads\/2026\/02\/13DSC00601-1536x1024.jpg 1536w\" data-vp-popup-img-size=\"1920x1280\" data-vp-popup-md-img=\"http:\/\/czenemarta.hu\/wp-content\/uploads\/2026\/02\/13DSC00601.jpg\" data-vp-popup-md-img-size=\"800x533\" data-vp-popup-sm-img=\"http:\/\/czenemarta.hu\/wp-content\/uploads\/2026\/02\/13DSC00601.jpg\" data-vp-popup-sm-img-size=\"500x333\">\n\t\t\t<h3 class=\"vp-portfolio__item-popup-title\">Elenged\u00e9si gyakorlatok, 2021, r\u00e9szlet\nInstall\u00e1ci\u00f3 az Esterh\u00e1zy Art Award Shortlist ki\u00e1ll\u00edt\u00e1son &#8211; Ludwig M\u00fazeum, Budapest<\/h3>\n\t\t<\/template>\n\t\t\t\t\t\t<figure class=\"vp-portfolio__item\">\n\t\t\t\t\n<div class=\"vp-portfolio__item-img-wrap\">\n\t<div class=\"vp-portfolio__item-img\">\n\t\t\t<a\n\t\thref=\"http:\/\/czenemarta.hu\/wp-content\/uploads\/2026\/02\/13DSC00601.jpg\"\n\t\taria-label=\"Elenged\u00e9si gyakorlatok, 2021, r\u00e9szlet\nInstall\u00e1ci\u00f3 az Esterh\u00e1zy Art Award Shortlist ki\u00e1ll\u00edt\u00e1son - Ludwig M\u00fazeum, Budapest\" \t>\n\t\n\t\t<noscript><img loading=\"lazy\" decoding=\"async\" width=\"1920\" height=\"1280\" data-skip-lazy src=\"http:\/\/czenemarta.hu\/wp-content\/uploads\/2026\/02\/13DSC00601.jpg\" class=\"wp-image-218\" alt=\"\" srcset=\"http:\/\/czenemarta.hu\/wp-content\/uploads\/2026\/02\/13DSC00601.jpg 2000w, http:\/\/czenemarta.hu\/wp-content\/uploads\/2026\/02\/13DSC00601-300x200.jpg 300w, http:\/\/czenemarta.hu\/wp-content\/uploads\/2026\/02\/13DSC00601-1024x682.jpg 1024w, http:\/\/czenemarta.hu\/wp-content\/uploads\/2026\/02\/13DSC00601-768x512.jpg 768w, http:\/\/czenemarta.hu\/wp-content\/uploads\/2026\/02\/13DSC00601-1536x1024.jpg 1536w\" sizes=\"auto, (max-width: 1920px) 100vw, 1920px\" \/><\/noscript><img decoding=\"async\" width=\"1920\" height=\"1280\" src=\"http:\/\/czenemarta.hu\/wp-content\/uploads\/2026\/02\/13DSC00601.jpg\" class=\"wp-image-218 vp-lazyload\" alt srcset=\"data:image\/svg+xml;base64,PHN2ZyB3aWR0aD0iMTkyMCIgaGVpZ2h0PSIxMjgwIiB2aWV3Qm94PSIwIDAgMTkyMCAxMjgwIiBmaWxsPSJub25lIiB4bWxucz0iaHR0cDovL3d3dy53My5vcmcvMjAwMC9zdmciPjwvc3ZnPg==\" data-src=\"http:\/\/czenemarta.hu\/wp-content\/uploads\/2026\/02\/13DSC00601.jpg\" data-srcset=\"http:\/\/czenemarta.hu\/wp-content\/uploads\/2026\/02\/13DSC00601.jpg 2000w, http:\/\/czenemarta.hu\/wp-content\/uploads\/2026\/02\/13DSC00601-300x200.jpg 300w, http:\/\/czenemarta.hu\/wp-content\/uploads\/2026\/02\/13DSC00601-1024x682.jpg 1024w, http:\/\/czenemarta.hu\/wp-content\/uploads\/2026\/02\/13DSC00601-768x512.jpg 768w, http:\/\/czenemarta.hu\/wp-content\/uploads\/2026\/02\/13DSC00601-1536x1024.jpg 1536w\" data-sizes=\"auto\" loading=\"eager\">\n\t\t<\/a>\t<\/div>\n<\/div>\n\t<figcaption class=\"vp-portfolio__item-overlay vp-portfolio__item-overlay-text-align-center\">\n\t\t<div class=\"vp-portfolio__item-meta-wrap vp-portfolio__custom-scrollbar\">\n\t\t\t\t<a\n\t\thref=\"http:\/\/czenemarta.hu\/wp-content\/uploads\/2026\/02\/13DSC00601.jpg\"\n\t\ttabindex=\"-1\" class=\"vp-portfolio__item-meta\" aria-label=\"Elenged\u00e9si gyakorlatok, 2021, r\u00e9szlet\nInstall\u00e1ci\u00f3 az Esterh\u00e1zy Art Award Shortlist ki\u00e1ll\u00edt\u00e1son - Ludwig M\u00fazeum, Budapest\" \t>\n\t\n<h2 class=\"vp-portfolio__item-meta-title\">\n\tElenged\u00e9si gyakorlatok, 2021, r\u00e9szlet\nInstall\u00e1ci\u00f3 az Esterh\u00e1zy Art Award Shortlist ki\u00e1ll\u00edt\u00e1son &#8211; Ludwig M\u00fazeum, Budapest<\/h2>\n<\/a>\t\t<\/div>\n\t<\/figcaption>\n\t\t\t<\/figure>\n\t\t\t\t\t<\/div>\n\t\t\n\t\t<div\t\tclass=\"vp-portfolio__item-wrap vp-portfolio__item-uid-ef59c026\" data-vp-filter=\"\" \t\t>\n\t\t\t<template class=\"vp-portfolio__item-popup\" data-vp-popup-img=\"http:\/\/czenemarta.hu\/wp-content\/uploads\/2026\/02\/17IMG_20211124_155212.jpg\" data-vp-popup-img-srcset=\"http:\/\/czenemarta.hu\/wp-content\/uploads\/2026\/02\/17IMG_20211124_155212.jpg 2000w, http:\/\/czenemarta.hu\/wp-content\/uploads\/2026\/02\/17IMG_20211124_155212-300x225.jpg 300w, http:\/\/czenemarta.hu\/wp-content\/uploads\/2026\/02\/17IMG_20211124_155212-1024x768.jpg 1024w, http:\/\/czenemarta.hu\/wp-content\/uploads\/2026\/02\/17IMG_20211124_155212-768x576.jpg 768w, http:\/\/czenemarta.hu\/wp-content\/uploads\/2026\/02\/17IMG_20211124_155212-1536x1152.jpg 1536w\" data-vp-popup-img-size=\"1920x1440\" data-vp-popup-md-img=\"http:\/\/czenemarta.hu\/wp-content\/uploads\/2026\/02\/17IMG_20211124_155212.jpg\" data-vp-popup-md-img-size=\"800x600\" data-vp-popup-sm-img=\"http:\/\/czenemarta.hu\/wp-content\/uploads\/2026\/02\/17IMG_20211124_155212.jpg\" data-vp-popup-sm-img-size=\"500x375\">\n\t\t\t<h3 class=\"vp-portfolio__item-popup-title\">Elenged\u00e9si gyakorlatok, 2021, r\u00e9szlet\nInstall\u00e1ci\u00f3 az Esterh\u00e1zy Art Award Shortlist ki\u00e1ll\u00edt\u00e1son &#8211; Ludwig M\u00fazeum, Budapest<\/h3>\n\t\t<\/template>\n\t\t\t\t\t\t<figure class=\"vp-portfolio__item\">\n\t\t\t\t\n<div class=\"vp-portfolio__item-img-wrap\">\n\t<div class=\"vp-portfolio__item-img\">\n\t\t\t<a\n\t\thref=\"http:\/\/czenemarta.hu\/wp-content\/uploads\/2026\/02\/17IMG_20211124_155212.jpg\"\n\t\taria-label=\"Elenged\u00e9si gyakorlatok, 2021, r\u00e9szlet\nInstall\u00e1ci\u00f3 az Esterh\u00e1zy Art Award Shortlist ki\u00e1ll\u00edt\u00e1son - Ludwig M\u00fazeum, Budapest\" \t>\n\t\n\t\t<noscript><img loading=\"lazy\" decoding=\"async\" width=\"1920\" height=\"1440\" data-skip-lazy src=\"http:\/\/czenemarta.hu\/wp-content\/uploads\/2026\/02\/17IMG_20211124_155212.jpg\" class=\"wp-image-219\" alt=\"\" srcset=\"http:\/\/czenemarta.hu\/wp-content\/uploads\/2026\/02\/17IMG_20211124_155212.jpg 2000w, http:\/\/czenemarta.hu\/wp-content\/uploads\/2026\/02\/17IMG_20211124_155212-300x225.jpg 300w, http:\/\/czenemarta.hu\/wp-content\/uploads\/2026\/02\/17IMG_20211124_155212-1024x768.jpg 1024w, http:\/\/czenemarta.hu\/wp-content\/uploads\/2026\/02\/17IMG_20211124_155212-768x576.jpg 768w, http:\/\/czenemarta.hu\/wp-content\/uploads\/2026\/02\/17IMG_20211124_155212-1536x1152.jpg 1536w\" sizes=\"auto, (max-width: 1920px) 100vw, 1920px\" \/><\/noscript><img decoding=\"async\" width=\"1920\" height=\"1440\" src=\"http:\/\/czenemarta.hu\/wp-content\/uploads\/2026\/02\/17IMG_20211124_155212.jpg\" class=\"wp-image-219 vp-lazyload\" alt srcset=\"data:image\/svg+xml;base64,PHN2ZyB3aWR0aD0iMTkyMCIgaGVpZ2h0PSIxNDQwIiB2aWV3Qm94PSIwIDAgMTkyMCAxNDQwIiBmaWxsPSJub25lIiB4bWxucz0iaHR0cDovL3d3dy53My5vcmcvMjAwMC9zdmciPjwvc3ZnPg==\" data-src=\"http:\/\/czenemarta.hu\/wp-content\/uploads\/2026\/02\/17IMG_20211124_155212.jpg\" data-srcset=\"http:\/\/czenemarta.hu\/wp-content\/uploads\/2026\/02\/17IMG_20211124_155212.jpg 2000w, http:\/\/czenemarta.hu\/wp-content\/uploads\/2026\/02\/17IMG_20211124_155212-300x225.jpg 300w, http:\/\/czenemarta.hu\/wp-content\/uploads\/2026\/02\/17IMG_20211124_155212-1024x768.jpg 1024w, http:\/\/czenemarta.hu\/wp-content\/uploads\/2026\/02\/17IMG_20211124_155212-768x576.jpg 768w, http:\/\/czenemarta.hu\/wp-content\/uploads\/2026\/02\/17IMG_20211124_155212-1536x1152.jpg 1536w\" data-sizes=\"auto\" loading=\"eager\">\n\t\t<\/a>\t<\/div>\n<\/div>\n\t<figcaption class=\"vp-portfolio__item-overlay vp-portfolio__item-overlay-text-align-center\">\n\t\t<div class=\"vp-portfolio__item-meta-wrap vp-portfolio__custom-scrollbar\">\n\t\t\t\t<a\n\t\thref=\"http:\/\/czenemarta.hu\/wp-content\/uploads\/2026\/02\/17IMG_20211124_155212.jpg\"\n\t\ttabindex=\"-1\" class=\"vp-portfolio__item-meta\" aria-label=\"Elenged\u00e9si gyakorlatok, 2021, r\u00e9szlet\nInstall\u00e1ci\u00f3 az Esterh\u00e1zy Art Award Shortlist ki\u00e1ll\u00edt\u00e1son - Ludwig M\u00fazeum, Budapest\" \t>\n\t\n<h2 class=\"vp-portfolio__item-meta-title\">\n\tElenged\u00e9si gyakorlatok, 2021, r\u00e9szlet\nInstall\u00e1ci\u00f3 az Esterh\u00e1zy Art Award Shortlist ki\u00e1ll\u00edt\u00e1son &#8211; Ludwig M\u00fazeum, Budapest<\/h2>\n<\/a>\t\t<\/div>\n\t<\/figcaption>\n\t\t\t<\/figure>\n\t\t\t\t\t<\/div>\n\t\t\n<\/div>\n\t\t<\/div>\n\t\t\n<\/div>\n<\/div>\n\n\n<p>A projekt t\u00e9m\u00e1ja szem\u00e9lyes arch\u00edvum \u00e9p\u00edt\u00e9se nagyap\u00e1m, Czene B\u00e9la hagyat\u00e9k\u00e1ban megmaradt csal\u00e1di dokumentumok alapj\u00e1n. A meg\u0151rz\u00e9sen \u00e9s meg\u00e9rt\u00e9sen kereszt\u00fcl pr\u00f3b\u00e1lom elengedni a csal\u00e1di traum\u00e1kat, a szem\u00e9lyes tapasztalatokat \u00e9s a m\u0171v\u00e9sz szerepet, amit a sokgener\u00e1ci\u00f3s m\u0171v\u00e9szcsal\u00e1d dikt\u00e1l.<\/p>\n\n\n\n<p>K\u00eds\u00e9rletet teszek Czene B\u00e9la, a szocialista korszak egyik kedvelt aktfest\u0151j\u00e9nek \u00e9letm\u0171v\u00e9b\u0151l kiindul\u00f3, csal\u00e1dom f\u00e9rfi tagjainak fest\u00e9szet\u00e9ben megjelen\u0151 n\u0151k\u00e9p saj\u00e1t identit\u00e1somra, kamaszkori testk\u00e9pemre \u00e9s munk\u00e1mra gyakorolt hat\u00e1s\u00e1nak elemz\u00e9s\u00e9re, aktfest\u00e9szet\u00e9nek szem\u00e9lyes, illetve n\u0151i n\u00e9z\u0151pont\u00fa kontextualiz\u00e1l\u00e1s\u00e1ra \u00e9s kontrasztba \u00e1ll\u00edt\u00e1s\u00e1ra csal\u00e1dom n\u0151tagjainak val\u00f3di \u00e9let\u00e9vel.<\/p>\n\n\n\n<p>Munk\u00e1im k\u00e9pkock\u00e1kb\u00f3l \u00e1llnak, amiket t\u00f6bbr\u00e9teg\u0171 install\u00e1ci\u00f3kk\u00e1 \u00e1ll\u00edtottam \u00f6ssze. A jelenetek elrendez\u00e9s\u00e9t Kuleshov \u00e9s Eizenstein mont\u00e1zselm\u00e9letei inspir\u00e1lt\u00e1k, ahol a t\u00f6rt\u00e9net sokszor csup\u00e1n a v\u00e1g\u00e1s \u00e1ltal \u00f6sszek\u00f6t\u00f6tt r\u00e9szleteken kereszt\u00fcl bontakozik ki. A hom\u00e1ly, amit a k\u00fcl\u00f6nb\u00f6z\u0151 m\u00e9diumok \u00e9s technik\u00e1k p\u00e1rhuzamos haszn\u00e1lata \u00e9s az egym\u00e1st r\u00e9szben fed\u0151 r\u00e9tegek okoznak az eml\u00e9kek m\u00e1r el\u00e9rhetetlen r\u00e9sz\u00e9re utal.<\/p>\n","protected":false},"excerpt":{"rendered":"<p>A projekt t\u00e9m\u00e1ja szem\u00e9lyes arch\u00edvum \u00e9p\u00edt\u00e9se nagyap\u00e1m, Czene B\u00e9la hagyat\u00e9k\u00e1ban megmaradt csal\u00e1di dokumentumok alapj\u00e1n. A meg\u0151rz\u00e9sen \u00e9s meg\u00e9rt\u00e9sen kereszt\u00fcl pr\u00f3b\u00e1lom elengedni a csal\u00e1di traum\u00e1kat, a szem\u00e9lyes tapasztalatokat \u00e9s a m\u0171v\u00e9sz szerepet, amit a sokgener\u00e1ci\u00f3s m\u0171v\u00e9szcsal\u00e1d dikt\u00e1l. K\u00eds\u00e9rletet teszek Czene B\u00e9la, a szocialista korszak egyik kedvelt aktfest\u0151j\u00e9nek \u00e9letm\u0171v\u00e9b\u0151l kiindul\u00f3, csal\u00e1dom f\u00e9rfi tagjainak fest\u00e9szet\u00e9ben megjelen\u0151 n\u0151k\u00e9p saj\u00e1t [&hellip;]<\/p>\n","protected":false},"author":1,"featured_media":204,"comment_status":"open","ping_status":"open","sticky":false,"template":"","format":"standard","meta":{"_vp_format_video_url":"","_vp_image_focal_point":[],"footnotes":""},"categories":[19,17,15],"tags":[],"class_list":["post-291","post","type-post","status-publish","format-standard","has-post-thumbnail","hentry","category-festmeny","category-installacio","category-kiallitas"],"_links":{"self":[{"href":"http:\/\/czenemarta.hu\/index.php?rest_route=\/wp\/v2\/posts\/291","targetHints":{"allow":["GET"]}}],"collection":[{"href":"http:\/\/czenemarta.hu\/index.php?rest_route=\/wp\/v2\/posts"}],"about":[{"href":"http:\/\/czenemarta.hu\/index.php?rest_route=\/wp\/v2\/types\/post"}],"author":[{"embeddable":true,"href":"http:\/\/czenemarta.hu\/index.php?rest_route=\/wp\/v2\/users\/1"}],"replies":[{"embeddable":true,"href":"http:\/\/czenemarta.hu\/index.php?rest_route=%2Fwp%2Fv2%2Fcomments&post=291"}],"version-history":[{"count":5,"href":"http:\/\/czenemarta.hu\/index.php?rest_route=\/wp\/v2\/posts\/291\/revisions"}],"predecessor-version":[{"id":491,"href":"http:\/\/czenemarta.hu\/index.php?rest_route=\/wp\/v2\/posts\/291\/revisions\/491"}],"wp:featuredmedia":[{"embeddable":true,"href":"http:\/\/czenemarta.hu\/index.php?rest_route=\/wp\/v2\/media\/204"}],"wp:attachment":[{"href":"http:\/\/czenemarta.hu\/index.php?rest_route=%2Fwp%2Fv2%2Fmedia&parent=291"}],"wp:term":[{"taxonomy":"category","embeddable":true,"href":"http:\/\/czenemarta.hu\/index.php?rest_route=%2Fwp%2Fv2%2Fcategories&post=291"},{"taxonomy":"post_tag","embeddable":true,"href":"http:\/\/czenemarta.hu\/index.php?rest_route=%2Fwp%2Fv2%2Ftags&post=291"}],"curies":[{"name":"wp","href":"https:\/\/api.w.org\/{rel}","templated":true}]}}